{"id":6882,"date":"2025-04-04T08:32:40","date_gmt":"2025-04-04T12:32:40","guid":{"rendered":"https:\/\/www.synergie.ca\/?p=6882"},"modified":"2025-04-04T08:42:45","modified_gmt":"2025-04-04T12:42:45","slug":"recrutement-en-periode-dincertitude","status":"publish","type":"post","link":"https:\/\/www.synergie.ca\/fr\/recrutement-en-periode-dincertitude\/","title":{"rendered":"Recrutement en p\u00e9riode d\u2019incertitude"},"content":{"rendered":"\n<h2 class=\"wp-block-heading has-text-align-center\"><strong>Comment bien \u00e9valuer ses besoins humains ?<\/strong><\/h2>\n\n\n\n<p>Face \u00e0 la menace d\u2019une r\u00e9cession, de nombreuses entreprises h\u00e9sitent \u00e0 embaucher. L\u2019incertitude \u00e9conomique pousse \u00e0 la prudence, mais <strong>geler les recrutements ou r\u00e9duire les effectifs peut aussi affaiblir votre entreprise<\/strong>.<\/p>\n\n\n\n<p>Alors, <strong>comment prendre les bonnes d\u00e9cisions et bien \u00e9valuer vos besoins en ressources humaines sans compromettre votre avenir ?<\/strong><\/p>\n\n\n\n<p><strong>1. Faire le point sur votre situation actuelle<\/strong><\/p>\n\n\n\n<p>Avant de prendre une d\u00e9cision, il est essentiel de <strong>bien analyser vos effectifs<\/strong>.<\/p>\n\n\n\n<p>Posez-vous les bonnes questions :<br><strong>Quels postes sont essentiels au bon fonctionnement de l\u2019entreprise ?<\/strong><br><strong>Y a-t-il des \u00e9quipes en sous-effectif qui risquent de s\u2019\u00e9puiser ?<\/strong><br><strong>Quels sont les postes strat\u00e9giques pour la croissance \u00e0 moyen terme ?<\/strong><br><strong>Y a-t-il des d\u00e9parts pr\u00e9vus ou des postes difficiles \u00e0 combler ?<\/strong><\/p>\n\n\n\n<p> <strong>Un premier indicateur simple : l\u2019absent\u00e9isme et la surcharge de travail<\/strong>. Si votre \u00e9quipe actuelle montre des signes de fatigue, c\u2019est un signal que des ajustements sont n\u00e9cessaires.<\/p>\n\n\n\n<p><strong>2. Identifier les comp\u00e9tences critiques<\/strong><\/p>\n\n\n\n<p>Dans un contexte incertain, <strong>toutes les embauches ne se valent pas<\/strong>. Il faut prioriser les r\u00f4les qui ont le plus d\u2019impact.<\/p>\n\n\n\n<p> <strong>Distinguez les comp\u00e9tences essentielles des comp\u00e9tences compl\u00e9mentaires.<\/strong><\/p>\n\n\n\n<p> <strong>Comp\u00e9tences essentielles<\/strong> : N\u00e9cessaires pour assurer la continuit\u00e9 des op\u00e9rations (production, ventes, logistique\u2026).<br> <strong>Comp\u00e9tences strat\u00e9giques<\/strong> : N\u00e9cessaires pour pr\u00e9parer l\u2019avenir et assurer la croissance (innovation, transformation digitale\u2026).<br> <strong>Comp\u00e9tences de support<\/strong> : Importantes mais parfois en sous traitances ou g\u00e9rables avec une \u00e9quipe r\u00e9duite.<\/p>\n\n\n\n<p> <strong>Un recrutement bien cibl\u00e9 est un investissement, pas une d\u00e9pense.<\/strong><\/p>\n\n\n\n<p><strong>3. Penser flexibilit\u00e9 avant tout<\/strong><\/p>\n\n\n\n<p>En p\u00e9riode d\u2019incertitude, <strong>les entreprises qui s\u2019adaptent le mieux sont celles qui savent ajuster leurs effectifs avec agilit\u00e9<\/strong>.<\/p>\n\n\n\n<p>Vous h\u00e9sitez entre embauche et prudence ? <strong>Il existe des alternatives pour r\u00e9pondre \u00e0 vos besoins sans vous engager \u00e0 long terme<\/strong> :<\/p>\n\n\n\n<p>\ud83d\udd39 <strong>Les employ\u00e9s temporaires<\/strong> : Une solution id\u00e9ale pour combler des besoins \u00e0 dur\u00e9e ind\u00e9termin\u00e9e, sans alourdir votre masse salariale.<br>\ud83d\udd39 <strong>Les contrats temporaires avec option de permanence<\/strong> : Vous testez un candidat avant de l\u2019int\u00e9grer d\u00e9finitivement.<br>\ud83d\udd39 <strong>Le recrutement par projet<\/strong> : Engagez des sp\u00e9cialistes pour des missions pr\u00e9cises, sans un contrat permanent.<\/p>\n\n\n\n<p> <strong>Ces solutions permettent de s\u00e9curiser votre production sans prendre de risques financiers inutiles.<\/strong><\/p>\n\n\n\n<p><strong>4. Calculer le co\u00fbt r\u00e9el d\u2019un recrutement<\/strong><\/p>\n\n\n\n<p>Beaucoup d\u2019entreprises h\u00e9sitent \u00e0 embaucher par crainte des co\u00fbts. Pourtant, <strong>ne pas embaucher peut \u00eatre encore plus co\u00fbteux<\/strong>.<\/p>\n\n\n\n<p><strong>Comparez :<\/strong><\/p>\n\n\n\n<p> <strong>Co\u00fbt d\u2019un sous-effectif<\/strong> : Heures suppl\u00e9mentaires, fatigue des employ\u00e9s, baisse de productivit\u00e9, perte de clients.<br> <strong>Co\u00fbt d\u2019un recrutement bien r\u00e9fl\u00e9chi<\/strong> : Un employ\u00e9 qui contribue \u00e0 la rentabilit\u00e9 et permet d\u2019\u00e9viter l\u2019\u00e9puisement des \u00e9quipes.<\/p>\n\n\n\n<p> <strong>Astuce : Faites appel \u00e0 un partenaire en recrutement pour vous aider \u00e0 optimiser votre budget. Contrairement aux id\u00e9es re\u00e7ues, travailler avec une firme sp\u00e9cialis\u00e9e peut \u00eatre plus abordable et efficace que de g\u00e9rer tout en interne.<\/strong><\/p>\n\n\n\n<p><strong>5. Prendre une d\u00e9cision \u00e9clair\u00e9e<\/strong><\/p>\n\n\n\n<p>Avant de dire \u00ab\u00a0non\u00a0\u00bb \u00e0 un recrutement, posez-vous ces questions :<\/p>\n\n\n\n<p> <strong>Si je n\u2019embauche pas, quelles seront les cons\u00e9quences \u00e0 moyen terme ?<\/strong><br> <strong>Si la demande augmente, suis-je pr\u00eat \u00e0 y r\u00e9pondre ?<\/strong><br> <strong>Ai-je envisag\u00e9 des solutions flexibles comme l\u2019embauche temporaire ?<\/strong><\/p>\n\n\n\n<p><strong>Conclusion : S\u2019adapter, c\u2019est la cl\u00e9<\/strong><\/p>\n\n\n\n<p>Une r\u00e9cession n\u2019est pas une fatalit\u00e9. <strong>Les entreprises qui analysent leurs besoins avec pr\u00e9cision et qui privil\u00e9gient des solutions flexibles sont celles qui s\u2019en sortent le mieux.<\/strong><\/p>\n\n\n\n<p>Ne laissez pas l\u2019incertitude vous paralyser. <strong>Investir dans les bonnes ressources, au bon moment, avec la bonne approche, peut faire toute la diff\u00e9rence.<\/strong><\/p>\n\n\n\n<p> <strong>Besoin d\u2019aide pour \u00e9valuer vos besoins en recrutement ?<\/strong> <\/p>\n\n\n\n<p><\/p>\n","protected":false},"excerpt":{"rendered":"<p>Comment bien \u00e9valuer ses besoins humains ? Face \u00e0 la menace d\u2019une r\u00e9cession, de nombreuses entreprises h\u00e9sitent \u00e0 embaucher. L\u2019incertitude \u00e9conomique pousse \u00e0 la prudence, mais geler les recrutements ou r\u00e9duire les effectifs peut aussi affaiblir votre entreprise. Alors, comment prendre les bonnes d\u00e9cisions et bien \u00e9valuer vos besoins en ressources humaines sans compromettre votre [&hellip;]<\/p>\n","protected":false},"author":1,"featured_media":6883,"comment_status":"closed","ping_status":"open","sticky":false,"template":"","format":"standard","meta":{"footnotes":""},"categories":[66],"tags":[146,21],"class_list":["post-6882","post","type-post","status-publish","format-standard","has-post-thumbnail","hentry","category-emploi","tag-competences","tag-recrutement"],"yoast_head":"<!-- This site is optimized with the Yoast SEO plugin v27.5 - https:\/\/yoast.com\/product\/yoast-seo-wordpress\/ -->\n<title>Recrutement en p\u00e9riode d\u2019incertitude - Synergie<\/title>\n<meta name=\"robots\" content=\"index, follow, max-snippet:-1, max-image-preview:large, max-video-preview:-1\" \/>\n<link rel=\"canonical\" href=\"https:\/\/www.synergie.ca\/fr\/recrutement-en-periode-dincertitude\/\" \/>\n<meta property=\"og:locale\" content=\"fr_FR\" \/>\n<meta property=\"og:type\" content=\"article\" \/>\n<meta property=\"og:title\" content=\"Recrutement en p\u00e9riode d\u2019incertitude - Synergie\" \/>\n<meta property=\"og:description\" content=\"Comment bien \u00e9valuer ses besoins humains ? Face \u00e0 la menace d\u2019une r\u00e9cession, de nombreuses entreprises h\u00e9sitent \u00e0 embaucher. L\u2019incertitude \u00e9conomique pousse \u00e0 la prudence, mais geler les recrutements ou r\u00e9duire les effectifs peut aussi affaiblir votre entreprise. Alors, comment prendre les bonnes d\u00e9cisions et bien \u00e9valuer vos besoins en ressources humaines sans compromettre votre [&hellip;]\" \/>\n<meta property=\"og:url\" content=\"https:\/\/www.synergie.ca\/fr\/recrutement-en-periode-dincertitude\/\" \/>\n<meta property=\"og:site_name\" content=\"Synergie\" \/>\n<meta property=\"article:publisher\" content=\"https:\/\/www.facebook.com\/Synergie.ca\" \/>\n<meta property=\"article:published_time\" content=\"2025-04-04T12:32:40+00:00\" \/>\n<meta property=\"article:modified_time\" content=\"2025-04-04T12:42:45+00:00\" \/>\n<meta property=\"og:image\" content=\"https:\/\/www.synergie.ca\/wp-content\/uploads\/2025\/04\/secret-379428_1280.jpg\" \/>\n\t<meta property=\"og:image:width\" content=\"1280\" \/>\n\t<meta property=\"og:image:height\" content=\"853\" \/>\n\t<meta property=\"og:image:type\" content=\"image\/jpeg\" \/>\n<meta name=\"author\" content=\"Synergie\" \/>\n<meta name=\"twitter:card\" content=\"summary_large_image\" \/>\n<meta name=\"twitter:label1\" content=\"\u00c9crit par\" \/>\n\t<meta name=\"twitter:data1\" content=\"Synergie\" \/>\n\t<meta name=\"twitter:label2\" content=\"Dur\u00e9e de lecture estim\u00e9e\" \/>\n\t<meta name=\"twitter:data2\" content=\"3 minutes\" \/>\n<script type=\"application\/ld+json\" class=\"yoast-schema-graph\">{\"@context\":\"https:\\\/\\\/schema.org\",\"@graph\":[{\"@type\":\"Article\",\"@id\":\"https:\\\/\\\/www.synergie.ca\\\/fr\\\/recrutement-en-periode-dincertitude\\\/#article\",\"isPartOf\":{\"@id\":\"https:\\\/\\\/www.synergie.ca\\\/fr\\\/recrutement-en-periode-dincertitude\\\/\"},\"author\":{\"name\":\"Synergie\",\"@id\":\"https:\\\/\\\/www.synergie.ca\\\/fr\\\/#\\\/schema\\\/person\\\/bf4181dc0b783896c3a69d86cdc804f6\"},\"headline\":\"Recrutement en p\u00e9riode d\u2019incertitude\",\"datePublished\":\"2025-04-04T12:32:40+00:00\",\"dateModified\":\"2025-04-04T12:42:45+00:00\",\"mainEntityOfPage\":{\"@id\":\"https:\\\/\\\/www.synergie.ca\\\/fr\\\/recrutement-en-periode-dincertitude\\\/\"},\"wordCount\":611,\"publisher\":{\"@id\":\"https:\\\/\\\/www.synergie.ca\\\/fr\\\/#organization\"},\"image\":{\"@id\":\"https:\\\/\\\/www.synergie.ca\\\/fr\\\/recrutement-en-periode-dincertitude\\\/#primaryimage\"},\"thumbnailUrl\":\"https:\\\/\\\/www.synergie.ca\\\/wp-content\\\/uploads\\\/2025\\\/04\\\/secret-379428_1280.jpg\",\"keywords\":[\"comp\u00e9tences\",\"Recrutement\"],\"articleSection\":[\"Emploi\"],\"inLanguage\":\"fr-FR\"},{\"@type\":\"WebPage\",\"@id\":\"https:\\\/\\\/www.synergie.ca\\\/fr\\\/recrutement-en-periode-dincertitude\\\/\",\"url\":\"https:\\\/\\\/www.synergie.ca\\\/fr\\\/recrutement-en-periode-dincertitude\\\/\",\"name\":\"Recrutement en p\u00e9riode d\u2019incertitude - Synergie\",\"isPartOf\":{\"@id\":\"https:\\\/\\\/www.synergie.ca\\\/fr\\\/#website\"},\"primaryImageOfPage\":{\"@id\":\"https:\\\/\\\/www.synergie.ca\\\/fr\\\/recrutement-en-periode-dincertitude\\\/#primaryimage\"},\"image\":{\"@id\":\"https:\\\/\\\/www.synergie.ca\\\/fr\\\/recrutement-en-periode-dincertitude\\\/#primaryimage\"},\"thumbnailUrl\":\"https:\\\/\\\/www.synergie.ca\\\/wp-content\\\/uploads\\\/2025\\\/04\\\/secret-379428_1280.jpg\",\"datePublished\":\"2025-04-04T12:32:40+00:00\",\"dateModified\":\"2025-04-04T12:42:45+00:00\",\"breadcrumb\":{\"@id\":\"https:\\\/\\\/www.synergie.ca\\\/fr\\\/recrutement-en-periode-dincertitude\\\/#breadcrumb\"},\"inLanguage\":\"fr-FR\",\"potentialAction\":[{\"@type\":\"ReadAction\",\"target\":[\"https:\\\/\\\/www.synergie.ca\\\/fr\\\/recrutement-en-periode-dincertitude\\\/\"]}]},{\"@type\":\"ImageObject\",\"inLanguage\":\"fr-FR\",\"@id\":\"https:\\\/\\\/www.synergie.ca\\\/fr\\\/recrutement-en-periode-dincertitude\\\/#primaryimage\",\"url\":\"https:\\\/\\\/www.synergie.ca\\\/wp-content\\\/uploads\\\/2025\\\/04\\\/secret-379428_1280.jpg\",\"contentUrl\":\"https:\\\/\\\/www.synergie.ca\\\/wp-content\\\/uploads\\\/2025\\\/04\\\/secret-379428_1280.jpg\",\"width\":1280,\"height\":853},{\"@type\":\"BreadcrumbList\",\"@id\":\"https:\\\/\\\/www.synergie.ca\\\/fr\\\/recrutement-en-periode-dincertitude\\\/#breadcrumb\",\"itemListElement\":[{\"@type\":\"ListItem\",\"position\":1,\"name\":\"Home\",\"item\":\"https:\\\/\\\/www.synergie.ca\\\/fr\\\/\"},{\"@type\":\"ListItem\",\"position\":2,\"name\":\"Recrutement en p\u00e9riode d\u2019incertitude\"}]},{\"@type\":\"WebSite\",\"@id\":\"https:\\\/\\\/www.synergie.ca\\\/fr\\\/#website\",\"url\":\"https:\\\/\\\/www.synergie.ca\\\/fr\\\/\",\"name\":\"Synergie\",\"description\":\"\",\"publisher\":{\"@id\":\"https:\\\/\\\/www.synergie.ca\\\/fr\\\/#organization\"},\"potentialAction\":[{\"@type\":\"SearchAction\",\"target\":{\"@type\":\"EntryPoint\",\"urlTemplate\":\"https:\\\/\\\/www.synergie.ca\\\/fr\\\/?s={search_term_string}\"},\"query-input\":{\"@type\":\"PropertyValueSpecification\",\"valueRequired\":true,\"valueName\":\"search_term_string\"}}],\"inLanguage\":\"fr-FR\"},{\"@type\":\"Organization\",\"@id\":\"https:\\\/\\\/www.synergie.ca\\\/fr\\\/#organization\",\"name\":\"Synergie Canada\",\"url\":\"https:\\\/\\\/www.synergie.ca\\\/fr\\\/\",\"logo\":{\"@type\":\"ImageObject\",\"inLanguage\":\"fr-FR\",\"@id\":\"https:\\\/\\\/www.synergie.ca\\\/fr\\\/#\\\/schema\\\/logo\\\/image\\\/\",\"url\":\"https:\\\/\\\/www.synergie.ca\\\/wp-content\\\/uploads\\\/2025\\\/02\\\/LOGO_SYNERGIE_RVB-1.jpg\",\"contentUrl\":\"https:\\\/\\\/www.synergie.ca\\\/wp-content\\\/uploads\\\/2025\\\/02\\\/LOGO_SYNERGIE_RVB-1.jpg\",\"width\":1182,\"height\":1182,\"caption\":\"Synergie Canada\"},\"image\":{\"@id\":\"https:\\\/\\\/www.synergie.ca\\\/fr\\\/#\\\/schema\\\/logo\\\/image\\\/\"},\"sameAs\":[\"https:\\\/\\\/www.facebook.com\\\/Synergie.ca\",\"https:\\\/\\\/www.linkedin.com\\\/company\\\/synergiecanada\"]},{\"@type\":\"Person\",\"@id\":\"https:\\\/\\\/www.synergie.ca\\\/fr\\\/#\\\/schema\\\/person\\\/bf4181dc0b783896c3a69d86cdc804f6\",\"name\":\"Synergie\",\"image\":{\"@type\":\"ImageObject\",\"inLanguage\":\"fr-FR\",\"@id\":\"https:\\\/\\\/secure.gravatar.com\\\/avatar\\\/6ff4b44168117529cb675ad359a71c4b5ffd82c37f79700e7a15eb42357692bc?s=96&d=mm&r=g\",\"url\":\"https:\\\/\\\/secure.gravatar.com\\\/avatar\\\/6ff4b44168117529cb675ad359a71c4b5ffd82c37f79700e7a15eb42357692bc?s=96&d=mm&r=g\",\"contentUrl\":\"https:\\\/\\\/secure.gravatar.com\\\/avatar\\\/6ff4b44168117529cb675ad359a71c4b5ffd82c37f79700e7a15eb42357692bc?s=96&d=mm&r=g\",\"caption\":\"Synergie\"}}]}<\/script>\n<!-- \/ Yoast SEO plugin. -->","yoast_head_json":{"title":"Recrutement en p\u00e9riode d\u2019incertitude - Synergie","robots":{"index":"index","follow":"follow","max-snippet":"max-snippet:-1","max-image-preview":"max-image-preview:large","max-video-preview":"max-video-preview:-1"},"canonical":"https:\/\/www.synergie.ca\/fr\/recrutement-en-periode-dincertitude\/","og_locale":"fr_FR","og_type":"article","og_title":"Recrutement en p\u00e9riode d\u2019incertitude - Synergie","og_description":"Comment bien \u00e9valuer ses besoins humains ? Face \u00e0 la menace d\u2019une r\u00e9cession, de nombreuses entreprises h\u00e9sitent \u00e0 embaucher. L\u2019incertitude \u00e9conomique pousse \u00e0 la prudence, mais geler les recrutements ou r\u00e9duire les effectifs peut aussi affaiblir votre entreprise. Alors, comment prendre les bonnes d\u00e9cisions et bien \u00e9valuer vos besoins en ressources humaines sans compromettre votre [&hellip;]","og_url":"https:\/\/www.synergie.ca\/fr\/recrutement-en-periode-dincertitude\/","og_site_name":"Synergie","article_publisher":"https:\/\/www.facebook.com\/Synergie.ca","article_published_time":"2025-04-04T12:32:40+00:00","article_modified_time":"2025-04-04T12:42:45+00:00","og_image":[{"width":1280,"height":853,"url":"https:\/\/www.synergie.ca\/wp-content\/uploads\/2025\/04\/secret-379428_1280.jpg","type":"image\/jpeg"}],"author":"Synergie","twitter_card":"summary_large_image","twitter_misc":{"\u00c9crit par":"Synergie","Dur\u00e9e de lecture estim\u00e9e":"3 minutes"},"schema":{"@context":"https:\/\/schema.org","@graph":[{"@type":"Article","@id":"https:\/\/www.synergie.ca\/fr\/recrutement-en-periode-dincertitude\/#article","isPartOf":{"@id":"https:\/\/www.synergie.ca\/fr\/recrutement-en-periode-dincertitude\/"},"author":{"name":"Synergie","@id":"https:\/\/www.synergie.ca\/fr\/#\/schema\/person\/bf4181dc0b783896c3a69d86cdc804f6"},"headline":"Recrutement en p\u00e9riode d\u2019incertitude","datePublished":"2025-04-04T12:32:40+00:00","dateModified":"2025-04-04T12:42:45+00:00","mainEntityOfPage":{"@id":"https:\/\/www.synergie.ca\/fr\/recrutement-en-periode-dincertitude\/"},"wordCount":611,"publisher":{"@id":"https:\/\/www.synergie.ca\/fr\/#organization"},"image":{"@id":"https:\/\/www.synergie.ca\/fr\/recrutement-en-periode-dincertitude\/#primaryimage"},"thumbnailUrl":"https:\/\/www.synergie.ca\/wp-content\/uploads\/2025\/04\/secret-379428_1280.jpg","keywords":["comp\u00e9tences","Recrutement"],"articleSection":["Emploi"],"inLanguage":"fr-FR"},{"@type":"WebPage","@id":"https:\/\/www.synergie.ca\/fr\/recrutement-en-periode-dincertitude\/","url":"https:\/\/www.synergie.ca\/fr\/recrutement-en-periode-dincertitude\/","name":"Recrutement en p\u00e9riode d\u2019incertitude - Synergie","isPartOf":{"@id":"https:\/\/www.synergie.ca\/fr\/#website"},"primaryImageOfPage":{"@id":"https:\/\/www.synergie.ca\/fr\/recrutement-en-periode-dincertitude\/#primaryimage"},"image":{"@id":"https:\/\/www.synergie.ca\/fr\/recrutement-en-periode-dincertitude\/#primaryimage"},"thumbnailUrl":"https:\/\/www.synergie.ca\/wp-content\/uploads\/2025\/04\/secret-379428_1280.jpg","datePublished":"2025-04-04T12:32:40+00:00","dateModified":"2025-04-04T12:42:45+00:00","breadcrumb":{"@id":"https:\/\/www.synergie.ca\/fr\/recrutement-en-periode-dincertitude\/#breadcrumb"},"inLanguage":"fr-FR","potentialAction":[{"@type":"ReadAction","target":["https:\/\/www.synergie.ca\/fr\/recrutement-en-periode-dincertitude\/"]}]},{"@type":"ImageObject","inLanguage":"fr-FR","@id":"https:\/\/www.synergie.ca\/fr\/recrutement-en-periode-dincertitude\/#primaryimage","url":"https:\/\/www.synergie.ca\/wp-content\/uploads\/2025\/04\/secret-379428_1280.jpg","contentUrl":"https:\/\/www.synergie.ca\/wp-content\/uploads\/2025\/04\/secret-379428_1280.jpg","width":1280,"height":853},{"@type":"BreadcrumbList","@id":"https:\/\/www.synergie.ca\/fr\/recrutement-en-periode-dincertitude\/#breadcrumb","itemListElement":[{"@type":"ListItem","position":1,"name":"Home","item":"https:\/\/www.synergie.ca\/fr\/"},{"@type":"ListItem","position":2,"name":"Recrutement en p\u00e9riode d\u2019incertitude"}]},{"@type":"WebSite","@id":"https:\/\/www.synergie.ca\/fr\/#website","url":"https:\/\/www.synergie.ca\/fr\/","name":"Synergie","description":"","publisher":{"@id":"https:\/\/www.synergie.ca\/fr\/#organization"},"potentialAction":[{"@type":"SearchAction","target":{"@type":"EntryPoint","urlTemplate":"https:\/\/www.synergie.ca\/fr\/?s={search_term_string}"},"query-input":{"@type":"PropertyValueSpecification","valueRequired":true,"valueName":"search_term_string"}}],"inLanguage":"fr-FR"},{"@type":"Organization","@id":"https:\/\/www.synergie.ca\/fr\/#organization","name":"Synergie Canada","url":"https:\/\/www.synergie.ca\/fr\/","logo":{"@type":"ImageObject","inLanguage":"fr-FR","@id":"https:\/\/www.synergie.ca\/fr\/#\/schema\/logo\/image\/","url":"https:\/\/www.synergie.ca\/wp-content\/uploads\/2025\/02\/LOGO_SYNERGIE_RVB-1.jpg","contentUrl":"https:\/\/www.synergie.ca\/wp-content\/uploads\/2025\/02\/LOGO_SYNERGIE_RVB-1.jpg","width":1182,"height":1182,"caption":"Synergie Canada"},"image":{"@id":"https:\/\/www.synergie.ca\/fr\/#\/schema\/logo\/image\/"},"sameAs":["https:\/\/www.facebook.com\/Synergie.ca","https:\/\/www.linkedin.com\/company\/synergiecanada"]},{"@type":"Person","@id":"https:\/\/www.synergie.ca\/fr\/#\/schema\/person\/bf4181dc0b783896c3a69d86cdc804f6","name":"Synergie","image":{"@type":"ImageObject","inLanguage":"fr-FR","@id":"https:\/\/secure.gravatar.com\/avatar\/6ff4b44168117529cb675ad359a71c4b5ffd82c37f79700e7a15eb42357692bc?s=96&d=mm&r=g","url":"https:\/\/secure.gravatar.com\/avatar\/6ff4b44168117529cb675ad359a71c4b5ffd82c37f79700e7a15eb42357692bc?s=96&d=mm&r=g","contentUrl":"https:\/\/secure.gravatar.com\/avatar\/6ff4b44168117529cb675ad359a71c4b5ffd82c37f79700e7a15eb42357692bc?s=96&d=mm&r=g","caption":"Synergie"}}]}},"_links":{"self":[{"href":"https:\/\/www.synergie.ca\/fr\/wp-json\/wp\/v2\/posts\/6882","targetHints":{"allow":["GET"]}}],"collection":[{"href":"https:\/\/www.synergie.ca\/fr\/wp-json\/wp\/v2\/posts"}],"about":[{"href":"https:\/\/www.synergie.ca\/fr\/wp-json\/wp\/v2\/types\/post"}],"author":[{"embeddable":true,"href":"https:\/\/www.synergie.ca\/fr\/wp-json\/wp\/v2\/users\/1"}],"replies":[{"embeddable":true,"href":"https:\/\/www.synergie.ca\/fr\/wp-json\/wp\/v2\/comments?post=6882"}],"version-history":[{"count":2,"href":"https:\/\/www.synergie.ca\/fr\/wp-json\/wp\/v2\/posts\/6882\/revisions"}],"predecessor-version":[{"id":6888,"href":"https:\/\/www.synergie.ca\/fr\/wp-json\/wp\/v2\/posts\/6882\/revisions\/6888"}],"wp:featuredmedia":[{"embeddable":true,"href":"https:\/\/www.synergie.ca\/fr\/wp-json\/wp\/v2\/media\/6883"}],"wp:attachment":[{"href":"https:\/\/www.synergie.ca\/fr\/wp-json\/wp\/v2\/media?parent=6882"}],"wp:term":[{"taxonomy":"category","embeddable":true,"href":"https:\/\/www.synergie.ca\/fr\/wp-json\/wp\/v2\/categories?post=6882"},{"taxonomy":"post_tag","embeddable":true,"href":"https:\/\/www.synergie.ca\/fr\/wp-json\/wp\/v2\/tags?post=6882"}],"curies":[{"name":"wp","href":"https:\/\/api.w.org\/{rel}","templated":true}]}}